{"id":362,"count":6,"description":"<h1 style=\"text-align: center\">ATELIER CERAMIQUE<\/h1>\r\n<h2 style=\"text-align: center\">Apprendre la c\u00e9ramique avec nos ateliers \u00e0 Marcq en Baroeul<\/h2>\r\n<p style=\"text-align: center\"><strong>Les tarifs sont tout compris (terre, cuisson, \u00e9maux)<\/strong><\/p>\r\n<p class=\"has-text-align-center\" style=\"text-align: center\"><strong>Travailler la terre <\/strong>et r\u00e9aliser des objets dont vous vous servirez tous les jours procurent beaucoup de fiert\u00e9 et transforment aussi votre rapport aux objets.<\/p>\r\n<p style=\"text-align: center\"><span style=\"font-size: 16px\"><strong>Les techniques enseign\u00e9es<\/strong> sont la technique de la plaque, de l\u2019estampage, du colombin ou du pinc\u00e9 en fonction des th\u00e9matiques du cours. Les terres propos\u00e9es sont des gr\u00e8s (de diff\u00e9rentes couleurs et degr\u00e9s de chamotte), les \u00e9maux sont sans plomb et adapt\u00e9s \u00e0 un usage alimentaire et lave vaisselle.<\/span><\/p>\r\n<p style=\"text-align: center\"><!-- \/wp:paragraph --><\/p>\r\n<p style=\"text-align: center\"><!-- wp:paragraph --><\/p>\r\n<p style=\"text-align: center\"><!-- \/wp:paragraph --><\/p>\r\n<p style=\"text-align: center\"><!-- wp:paragraph --><\/p>\r\n<p style=\"text-align: center\"><strong>Il faut un minimum de 2 s\u00e9ances en c\u00e9ramique<\/strong> : une s\u00e9ance pour fabriquer votre pi\u00e8ce et une s\u00e9ance pour l\u2019\u00e9mailler. Entre les 2 s\u00e9ances, un temps de s\u00e9chage et une cuisson \u00e0 plus de 1200 degr\u00e9s sont n\u00e9cessaires et r\u00e9alis\u00e9s \u00e0 l\u2019atelier.<\/p>\r\n<p style=\"text-align: center\"><strong>Un tablier est fourni \u00e0 chaque \u00e9l\u00e8ve. Accessible aux d\u00e9butant(e)s.<\/strong><\/p>\r\n<!-- \/wp:paragraph -->\r\n\r\n<!-- wp:paragraph -->","link":"https:\/\/maisonessentielle.com\/categorie-produit\/ateliers-ceramique\/","name":"Ateliers c\u00e9ramique","slug":"ateliers-ceramique","taxonomy":"product_cat","parent":0,"meta":[],"menu_order":0,"acf":[],"yoast_head":"<!-- This site is optimized with the Yoast SEO plugin v27.3 - https:\/\/yoast.com\/product\/yoast-seo-wordpress\/ -->\n<title>Atelier c\u00e9ramique et poterie Marcq pr\u00e8s de Lille<\/title>\n<meta name=\"description\" content=\"Apprendre la c\u00e9ramique et la poterie pour d\u00e9butant, chez Maison Essentielle, \u00e0 Marcq pr\u00e8s de Lille, accessible aux d\u00e9butants\" \/>\n<meta name=\"robots\" content=\"index, follow, max-snippet:-1, max-image-preview:large, max-video-preview:-1\" \/>\n<link rel=\"canonical\" href=\"https:\/\/maisonessentielle.com\/index.php\/categorie-produit\/ateliers-ceramique\/\" \/>\n<meta property=\"og:locale\" content=\"fr_FR\" \/>\n<meta property=\"og:type\" content=\"article\" \/>\n<meta property=\"og:title\" content=\"Atelier c\u00e9ramique et poterie Marcq pr\u00e8s de Lille\" \/>\n<meta property=\"og:description\" content=\"Apprendre la c\u00e9ramique et la poterie pour d\u00e9butant, chez Maison Essentielle, \u00e0 Marcq pr\u00e8s de Lille, accessible aux d\u00e9butants\" \/>\n<meta property=\"og:url\" content=\"https:\/\/maisonessentielle.com\/index.php\/categorie-produit\/ateliers-ceramique\/\" \/>\n<meta property=\"og:site_name\" content=\"Maison Essentielle\" \/>\n<meta name=\"twitter:card\" content=\"summary_large_image\" \/>\n<script type=\"application\/ld+json\" class=\"yoast-schema-graph\">{\"@context\":\"https:\\\/\\\/schema.org\",\"@graph\":[{\"@type\":\"CollectionPage\",\"@id\":\"https:\\\/\\\/maisonessentielle.com\\\/index.php\\\/categorie-produit\\\/ateliers-ceramique\\\/\",\"url\":\"https:\\\/\\\/maisonessentielle.com\\\/index.php\\\/categorie-produit\\\/ateliers-ceramique\\\/\",\"name\":\"Atelier c\u00e9ramique et poterie Marcq pr\u00e8s de Lille\",\"isPartOf\":{\"@id\":\"https:\\\/\\\/maisonessentielle.com\\\/#website\"},\"description\":\"Apprendre la c\u00e9ramique et la poterie pour d\u00e9butant, chez Maison Essentielle, \u00e0 Marcq pr\u00e8s de Lille, accessible aux d\u00e9butants\",\"breadcrumb\":{\"@id\":\"https:\\\/\\\/maisonessentielle.com\\\/index.php\\\/categorie-produit\\\/ateliers-ceramique\\\/#breadcrumb\"},\"inLanguage\":\"fr-FR\"},{\"@type\":\"BreadcrumbList\",\"@id\":\"https:\\\/\\\/maisonessentielle.com\\\/index.php\\\/categorie-produit\\\/ateliers-ceramique\\\/#breadcrumb\",\"itemListElement\":[{\"@type\":\"ListItem\",\"position\":1,\"name\":\"Accueil\",\"item\":\"https:\\\/\\\/maisonessentielle.com\\\/\"},{\"@type\":\"ListItem\",\"position\":2,\"name\":\"Ateliers c\u00e9ramique\"}]},{\"@type\":\"WebSite\",\"@id\":\"https:\\\/\\\/maisonessentielle.com\\\/#website\",\"url\":\"https:\\\/\\\/maisonessentielle.com\\\/\",\"name\":\"Maison Essentielle\",\"description\":\"Vestiaire essentiel \u00e0 coudre ou \u00e0 porter\",\"publisher\":{\"@id\":\"https:\\\/\\\/maisonessentielle.com\\\/#organization\"},\"potentialAction\":[{\"@type\":\"SearchAction\",\"target\":{\"@type\":\"EntryPoint\",\"urlTemplate\":\"https:\\\/\\\/maisonessentielle.com\\\/?s={search_term_string}\"},\"query-input\":{\"@type\":\"PropertyValueSpecification\",\"valueRequired\":true,\"valueName\":\"search_term_string\"}}],\"inLanguage\":\"fr-FR\"},{\"@type\":\"Organization\",\"@id\":\"https:\\\/\\\/maisonessentielle.com\\\/#organization\",\"name\":\"Maison Essentielle\",\"url\":\"https:\\\/\\\/maisonessentielle.com\\\/\",\"logo\":{\"@type\":\"ImageObject\",\"inLanguage\":\"fr-FR\",\"@id\":\"https:\\\/\\\/maisonessentielle.com\\\/#\\\/schema\\\/logo\\\/image\\\/\",\"url\":\"https:\\\/\\\/maisonessentielle.com\\\/wp-content\\\/uploads\\\/2022\\\/03\\\/MAISON-ESSENTIELLE_LOGO_facture-min.png\",\"contentUrl\":\"https:\\\/\\\/maisonessentielle.com\\\/wp-content\\\/uploads\\\/2022\\\/03\\\/MAISON-ESSENTIELLE_LOGO_facture-min.png\",\"width\":400,\"height\":57,\"caption\":\"Maison Essentielle\"},\"image\":{\"@id\":\"https:\\\/\\\/maisonessentielle.com\\\/#\\\/schema\\\/logo\\\/image\\\/\"},\"sameAs\":[\"https:\\\/\\\/www.facebook.com\\\/profile.php?id=61574309661771\",\"https:\\\/\\\/www.instagram.com\\\/maison_essentielle_\\\/\"]}]}<\/script>\n<!-- \/ Yoast SEO plugin. -->","yoast_head_json":{"title":"Atelier c\u00e9ramique et poterie Marcq pr\u00e8s de Lille","description":"Apprendre la c\u00e9ramique et la poterie pour d\u00e9butant, chez Maison Essentielle, \u00e0 Marcq pr\u00e8s de Lille, accessible aux d\u00e9butants","robots":{"index":"index","follow":"follow","max-snippet":"max-snippet:-1","max-image-preview":"max-image-preview:large","max-video-preview":"max-video-preview:-1"},"canonical":"https:\/\/maisonessentielle.com\/index.php\/categorie-produit\/ateliers-ceramique\/","og_locale":"fr_FR","og_type":"article","og_title":"Atelier c\u00e9ramique et poterie Marcq pr\u00e8s de Lille","og_description":"Apprendre la c\u00e9ramique et la poterie pour d\u00e9butant, chez Maison Essentielle, \u00e0 Marcq pr\u00e8s de Lille, accessible aux d\u00e9butants","og_url":"https:\/\/maisonessentielle.com\/index.php\/categorie-produit\/ateliers-ceramique\/","og_site_name":"Maison Essentielle","twitter_card":"summary_large_image","schema":{"@context":"https:\/\/schema.org","@graph":[{"@type":"CollectionPage","@id":"https:\/\/maisonessentielle.com\/index.php\/categorie-produit\/ateliers-ceramique\/","url":"https:\/\/maisonessentielle.com\/index.php\/categorie-produit\/ateliers-ceramique\/","name":"Atelier c\u00e9ramique et poterie Marcq pr\u00e8s de Lille","isPartOf":{"@id":"https:\/\/maisonessentielle.com\/#website"},"description":"Apprendre la c\u00e9ramique et la poterie pour d\u00e9butant, chez Maison Essentielle, \u00e0 Marcq pr\u00e8s de Lille, accessible aux d\u00e9butants","breadcrumb":{"@id":"https:\/\/maisonessentielle.com\/index.php\/categorie-produit\/ateliers-ceramique\/#breadcrumb"},"inLanguage":"fr-FR"},{"@type":"BreadcrumbList","@id":"https:\/\/maisonessentielle.com\/index.php\/categorie-produit\/ateliers-ceramique\/#breadcrumb","itemListElement":[{"@type":"ListItem","position":1,"name":"Accueil","item":"https:\/\/maisonessentielle.com\/"},{"@type":"ListItem","position":2,"name":"Ateliers c\u00e9ramique"}]},{"@type":"WebSite","@id":"https:\/\/maisonessentielle.com\/#website","url":"https:\/\/maisonessentielle.com\/","name":"Maison Essentielle","description":"Vestiaire essentiel \u00e0 coudre ou \u00e0 porter","publisher":{"@id":"https:\/\/maisonessentielle.com\/#organization"},"potentialAction":[{"@type":"SearchAction","target":{"@type":"EntryPoint","urlTemplate":"https:\/\/maisonessentielle.com\/?s={search_term_string}"},"query-input":{"@type":"PropertyValueSpecification","valueRequired":true,"valueName":"search_term_string"}}],"inLanguage":"fr-FR"},{"@type":"Organization","@id":"https:\/\/maisonessentielle.com\/#organization","name":"Maison Essentielle","url":"https:\/\/maisonessentielle.com\/","logo":{"@type":"ImageObject","inLanguage":"fr-FR","@id":"https:\/\/maisonessentielle.com\/#\/schema\/logo\/image\/","url":"https:\/\/maisonessentielle.com\/wp-content\/uploads\/2022\/03\/MAISON-ESSENTIELLE_LOGO_facture-min.png","contentUrl":"https:\/\/maisonessentielle.com\/wp-content\/uploads\/2022\/03\/MAISON-ESSENTIELLE_LOGO_facture-min.png","width":400,"height":57,"caption":"Maison Essentielle"},"image":{"@id":"https:\/\/maisonessentielle.com\/#\/schema\/logo\/image\/"},"sameAs":["https:\/\/www.facebook.com\/profile.php?id=61574309661771","https:\/\/www.instagram.com\/maison_essentielle_\/"]}]}},"_links":{"self":[{"href":"https:\/\/maisonessentielle.com\/wp-json\/wp\/v2\/product_cat\/362","targetHints":{"allow":["GET"]}}],"collection":[{"href":"https:\/\/maisonessentielle.com\/wp-json\/wp\/v2\/product_cat"}],"about":[{"href":"https:\/\/maisonessentielle.com\/wp-json\/wp\/v2\/taxonomies\/product_cat"}],"wp:post_type":[{"href":"https:\/\/maisonessentielle.com\/wp-json\/wp\/v2\/product?product_cat=362"}],"curies":[{"name":"wp","href":"https:\/\/api.w.org\/{rel}","templated":true}]}}