{"id":193,"count":0,"description":"<strong>Vous \u00eates un professionnel,\u00a0<\/strong> contactez nous par email ([email_secure adresse=\"contact.maison.essentielle@gmail.com\"]) pour connaitre les conditions r\u00e9serv\u00e9es aux professionnels et ouvrir un compte.\r\n\r\n<strong>Vous avez d\u00e9j\u00e0 un compte pro<\/strong>, connectez-vous pour avoir les prix d'achats.\r\n\r\nUn grand Merci\r\n\r\nVal\u00e9rie","link":"https:\/\/maisonessentielle.com\/categorie-produit\/espace-pro\/","name":"Espace Pro","slug":"espace-pro","taxonomy":"product_cat","parent":0,"meta":[],"menu_order":15,"acf":[],"yoast_head":"<!-- This site is optimized with the Yoast SEO plugin v27.3 - https:\/\/yoast.com\/product\/yoast-seo-wordpress\/ -->\n<title>Archives des Espace Pro &#8226; Maison Essentielle<\/title>\n<meta name=\"robots\" content=\"index, follow, max-snippet:-1, max-image-preview:large, max-video-preview:-1\" \/>\n<link rel=\"canonical\" href=\"https:\/\/maisonessentielle.com\/index.php\/categorie-produit\/espace-pro\/\" \/>\n<meta property=\"og:locale\" content=\"fr_FR\" \/>\n<meta property=\"og:type\" content=\"article\" \/>\n<meta property=\"og:title\" content=\"Archives des Espace Pro &#8226; Maison Essentielle\" \/>\n<meta property=\"og:description\" content=\"Vous \u00eates un professionnel,\u00a0 contactez nous par email (con&#116;&#097;&#099;&#116;.m&#097;i&#115;&#111;&#110;&#046;ess&#101;&#110;&#116;i&#101;&#108;l&#101;&#064;gm&#097;&#105;l&#046;co&#109;) pour connaitre les conditions r\u00e9serv\u00e9es aux professionnels et ouvrir un compte. Vous avez d\u00e9j\u00e0 un compte pro, connectez-vous pour avoir les prix d&rsquo;achats. Un grand Merci Val\u00e9rie\" \/>\n<meta property=\"og:url\" content=\"https:\/\/maisonessentielle.com\/index.php\/categorie-produit\/espace-pro\/\" \/>\n<meta property=\"og:site_name\" content=\"Maison Essentielle\" \/>\n<meta name=\"twitter:card\" content=\"summary_large_image\" \/>\n<script type=\"application\/ld+json\" class=\"yoast-schema-graph\">{\"@context\":\"https:\\\/\\\/schema.org\",\"@graph\":[{\"@type\":\"CollectionPage\",\"@id\":\"https:\\\/\\\/maisonessentielle.com\\\/index.php\\\/categorie-produit\\\/espace-pro\\\/\",\"url\":\"https:\\\/\\\/maisonessentielle.com\\\/index.php\\\/categorie-produit\\\/espace-pro\\\/\",\"name\":\"Archives des Espace Pro &#8226; Maison Essentielle\",\"isPartOf\":{\"@id\":\"https:\\\/\\\/maisonessentielle.com\\\/#website\"},\"breadcrumb\":{\"@id\":\"https:\\\/\\\/maisonessentielle.com\\\/index.php\\\/categorie-produit\\\/espace-pro\\\/#breadcrumb\"},\"inLanguage\":\"fr-FR\"},{\"@type\":\"BreadcrumbList\",\"@id\":\"https:\\\/\\\/maisonessentielle.com\\\/index.php\\\/categorie-produit\\\/espace-pro\\\/#breadcrumb\",\"itemListElement\":[{\"@type\":\"ListItem\",\"position\":1,\"name\":\"Accueil\",\"item\":\"https:\\\/\\\/maisonessentielle.com\\\/\"},{\"@type\":\"ListItem\",\"position\":2,\"name\":\"Espace Pro\"}]},{\"@type\":\"WebSite\",\"@id\":\"https:\\\/\\\/maisonessentielle.com\\\/#website\",\"url\":\"https:\\\/\\\/maisonessentielle.com\\\/\",\"name\":\"Maison Essentielle\",\"description\":\"Vestiaire essentiel \u00e0 coudre ou \u00e0 porter\",\"publisher\":{\"@id\":\"https:\\\/\\\/maisonessentielle.com\\\/#organization\"},\"potentialAction\":[{\"@type\":\"SearchAction\",\"target\":{\"@type\":\"EntryPoint\",\"urlTemplate\":\"https:\\\/\\\/maisonessentielle.com\\\/?s={search_term_string}\"},\"query-input\":{\"@type\":\"PropertyValueSpecification\",\"valueRequired\":true,\"valueName\":\"search_term_string\"}}],\"inLanguage\":\"fr-FR\"},{\"@type\":\"Organization\",\"@id\":\"https:\\\/\\\/maisonessentielle.com\\\/#organization\",\"name\":\"Maison Essentielle\",\"url\":\"https:\\\/\\\/maisonessentielle.com\\\/\",\"logo\":{\"@type\":\"ImageObject\",\"inLanguage\":\"fr-FR\",\"@id\":\"https:\\\/\\\/maisonessentielle.com\\\/#\\\/schema\\\/logo\\\/image\\\/\",\"url\":\"https:\\\/\\\/maisonessentielle.com\\\/wp-content\\\/uploads\\\/2022\\\/03\\\/MAISON-ESSENTIELLE_LOGO_facture-min.png\",\"contentUrl\":\"https:\\\/\\\/maisonessentielle.com\\\/wp-content\\\/uploads\\\/2022\\\/03\\\/MAISON-ESSENTIELLE_LOGO_facture-min.png\",\"width\":400,\"height\":57,\"caption\":\"Maison Essentielle\"},\"image\":{\"@id\":\"https:\\\/\\\/maisonessentielle.com\\\/#\\\/schema\\\/logo\\\/image\\\/\"},\"sameAs\":[\"https:\\\/\\\/www.facebook.com\\\/profile.php?id=61574309661771\",\"https:\\\/\\\/www.instagram.com\\\/maison_essentielle_\\\/\"]}]}<\/script>\n<!-- \/ Yoast SEO plugin. -->","yoast_head_json":{"title":"Archives des Espace Pro &#8226; Maison Essentielle","robots":{"index":"index","follow":"follow","max-snippet":"max-snippet:-1","max-image-preview":"max-image-preview:large","max-video-preview":"max-video-preview:-1"},"canonical":"https:\/\/maisonessentielle.com\/index.php\/categorie-produit\/espace-pro\/","og_locale":"fr_FR","og_type":"article","og_title":"Archives des Espace Pro &#8226; Maison Essentielle","og_description":"Vous \u00eates un professionnel,\u00a0 contactez nous par email (con&#116;&#97;&#99;&#116;.m&#97;i&#115;&#111;&#110;&#46;ess&#101;&#110;&#116;i&#101;&#108;l&#101;&#64;gm&#97;&#105;l&#46;co&#109;) pour connaitre les conditions r\u00e9serv\u00e9es aux professionnels et ouvrir un compte. Vous avez d\u00e9j\u00e0 un compte pro, connectez-vous pour avoir les prix d&rsquo;achats. Un grand Merci Val\u00e9rie","og_url":"https:\/\/maisonessentielle.com\/index.php\/categorie-produit\/espace-pro\/","og_site_name":"Maison Essentielle","twitter_card":"summary_large_image","schema":{"@context":"https:\/\/schema.org","@graph":[{"@type":"CollectionPage","@id":"https:\/\/maisonessentielle.com\/index.php\/categorie-produit\/espace-pro\/","url":"https:\/\/maisonessentielle.com\/index.php\/categorie-produit\/espace-pro\/","name":"Archives des Espace Pro &#8226; Maison Essentielle","isPartOf":{"@id":"https:\/\/maisonessentielle.com\/#website"},"breadcrumb":{"@id":"https:\/\/maisonessentielle.com\/index.php\/categorie-produit\/espace-pro\/#breadcrumb"},"inLanguage":"fr-FR"},{"@type":"BreadcrumbList","@id":"https:\/\/maisonessentielle.com\/index.php\/categorie-produit\/espace-pro\/#breadcrumb","itemListElement":[{"@type":"ListItem","position":1,"name":"Accueil","item":"https:\/\/maisonessentielle.com\/"},{"@type":"ListItem","position":2,"name":"Espace Pro"}]},{"@type":"WebSite","@id":"https:\/\/maisonessentielle.com\/#website","url":"https:\/\/maisonessentielle.com\/","name":"Maison Essentielle","description":"Vestiaire essentiel \u00e0 coudre ou \u00e0 porter","publisher":{"@id":"https:\/\/maisonessentielle.com\/#organization"},"potentialAction":[{"@type":"SearchAction","target":{"@type":"EntryPoint","urlTemplate":"https:\/\/maisonessentielle.com\/?s={search_term_string}"},"query-input":{"@type":"PropertyValueSpecification","valueRequired":true,"valueName":"search_term_string"}}],"inLanguage":"fr-FR"},{"@type":"Organization","@id":"https:\/\/maisonessentielle.com\/#organization","name":"Maison Essentielle","url":"https:\/\/maisonessentielle.com\/","logo":{"@type":"ImageObject","inLanguage":"fr-FR","@id":"https:\/\/maisonessentielle.com\/#\/schema\/logo\/image\/","url":"https:\/\/maisonessentielle.com\/wp-content\/uploads\/2022\/03\/MAISON-ESSENTIELLE_LOGO_facture-min.png","contentUrl":"https:\/\/maisonessentielle.com\/wp-content\/uploads\/2022\/03\/MAISON-ESSENTIELLE_LOGO_facture-min.png","width":400,"height":57,"caption":"Maison Essentielle"},"image":{"@id":"https:\/\/maisonessentielle.com\/#\/schema\/logo\/image\/"},"sameAs":["https:\/\/www.facebook.com\/profile.php?id=61574309661771","https:\/\/www.instagram.com\/maison_essentielle_\/"]}]}},"_links":{"self":[{"href":"https:\/\/maisonessentielle.com\/wp-json\/wp\/v2\/product_cat\/193","targetHints":{"allow":["GET"]}}],"collection":[{"href":"https:\/\/maisonessentielle.com\/wp-json\/wp\/v2\/product_cat"}],"about":[{"href":"https:\/\/maisonessentielle.com\/wp-json\/wp\/v2\/taxonomies\/product_cat"}],"wp:post_type":[{"href":"https:\/\/maisonessentielle.com\/wp-json\/wp\/v2\/product?product_cat=193"}],"curies":[{"name":"wp","href":"https:\/\/api.w.org\/{rel}","templated":true}]}}